{"id":1508,"date":"2022-04-07T17:17:36","date_gmt":"2022-04-07T17:17:36","guid":{"rendered":"https:\/\/www.dallaglio-arredamenti.it\/?p=1508"},"modified":"2022-04-07T17:29:16","modified_gmt":"2022-04-07T17:29:16","slug":"tischlerei","status":"publish","type":"post","link":"https:\/\/www.dallaglio-arredamenti.it\/de\/tischlerei","title":{"rendered":"TISCHLEREI"},"content":{"rendered":"<p><div class=\"fusion-fullwidth fullwidth-box fusion-builder-row-1 nonhundred-percent-fullwidth non-hundred-percent-height-scrolling\" style=\"background-color: rgba(255,255,255,0);background-position: center center;background-repeat: no-repeat;padding-top:0px;padding-right:0px;padding-bottom:0px;padding-left:0px;margin-bottom: 0px;margin-top: 0px;border-width: 0px 0px 0px 0px;border-color:#eae9e9;border-style:solid;\" ><div class=\"fusion-builder-row fusion-row\"><div class=\"fusion-layout-column fusion_builder_column fusion-builder-column-0 fusion_builder_column_1_1 1_1 fusion-one-full fusion-column-first fusion-column-last\" style=\"margin-top:0px;margin-bottom:0px;\"><div class=\"fusion-column-wrapper fusion-flex-column-wrapper-legacy\" style=\"background-position:left top;background-repeat:no-repeat;-webkit-background-size:cover;-moz-background-size:cover;-o-background-size:cover;background-size:cover;padding: 0px 0px 0px 0px;\"><div class=\"fusion-text fusion-text-1\"><p style=\"text-align: justify;\">Wir sind spezialisiert auf den Bau von M\u00f6beln nach Ma\u00df, insbesondere von Kleiderschr\u00e4nken, sowohl aus Laminat als auch aus lackiertem Holz. Wir haben eine eigene Linie moderner B\u00e4nke, die nach Ma\u00df und in verschiedenen Holzarten hergestellt werden k\u00f6nnen. Unsere Firma bietet auch die M\u00f6glichkeit, in Serie geformte, gelochte und pantografierte Platten nach Kundenwunsch zu liefern, dank der Verwendung einer CNC-Maschine mit numerischer Steuerung. Wir verf\u00fcgen auch \u00fcber eine eigene Lackieranlage, in der wir matte, transparente oder gl\u00e4nzende Lackierungen vornehmen k\u00f6nnen.<\/p>\n<\/div><div class=\"fusion-clearfix\"><\/div><\/div><\/div><\/div><\/div><div class=\"fusion-fullwidth fullwidth-box fusion-builder-row-2 hundred-percent-fullwidth non-hundred-percent-height-scrolling\" style=\"background-color: rgba(255,255,255,0);background-position: center center;background-repeat: no-repeat;padding-top:0px;padding-right:0px;padding-bottom:0px;padding-left:0px;margin-bottom: 0px;margin-top: 0px;border-width: 0px 0px 0px 0px;border-color:#eae9e9;border-style:solid;\" ><div class=\"fusion-builder-row fusion-row\"><div class=\"fusion-layout-column fusion_builder_column fusion-builder-column-1 fusion_builder_column_1_1 1_1 fusion-one-full fusion-column-first fusion-column-last fusion-column-no-min-height\" style=\"margin-top:0px;margin-bottom:0px;\"><div class=\"fusion-column-wrapper fusion-flex-column-wrapper-legacy\" style=\"background-position:left top;background-repeat:no-repeat;-webkit-background-size:cover;-moz-background-size:cover;-o-background-size:cover;background-size:cover;padding: 0px 0px 0px 0px;\"><style type=\"text\/css\">.fusion-gallery-1 .fusion-gallery-image {border:0px solid #f6f6f6;}<\/style><div class=\"fusion-gallery fusion-gallery-container fusion-grid-5 fusion-columns-total-27 fusion-gallery-layout-grid fusion-gallery-1\" style=\"margin:-5px;\"><div style=\"padding:5px;\" class=\"fusion-grid-column fusion-gallery-column fusion-gallery-column-5 hover-type-zoomin\"><div class=\"fusion-gallery-image\"><a href=\"https:\/\/www.dallaglio-arredamenti.it\/wp-content\/uploads\/2012\/02\/Arredamenti-DallAglio-Falegnameria-Bolzano-16.jpg\" rel=\"noreferrer\" data-rel=\"iLightbox[gallery_image_1]\" class=\"fusion-lightbox\" target=\"_self\"><img decoding=\"async\" src=\"https:\/\/www.dallaglio-arredamenti.it\/wp-content\/uploads\/2012\/02\/Arredamenti-DallAglio-Falegnameria-Bolzano-16.jpg\" width=\"423\" height=\"567\" alt=\"\" title=\"Arredamenti-DallAglio-Falegnameria-Bolzano-16\" aria-label=\"Arredamenti-DallAglio-Falegnameria-Bolzano-16\" class=\"img-responsive wp-image-268\"  \/><\/a><\/div><\/div><div style=\"padding:5px;\" class=\"fusion-grid-column fusion-gallery-column fusion-gallery-column-5 hover-type-zoomin\"><div class=\"fusion-gallery-image\"><a href=\"https:\/\/www.dallaglio-arredamenti.it\/wp-content\/uploads\/2012\/02\/Arredamenti-DallAglio-Falegnameria-Bolzano-15.jpg\" rel=\"noreferrer\" data-rel=\"iLightbox[gallery_image_1]\" class=\"fusion-lightbox\" target=\"_self\"><img decoding=\"async\" src=\"https:\/\/www.dallaglio-arredamenti.it\/wp-content\/uploads\/2012\/02\/Arredamenti-DallAglio-Falegnameria-Bolzano-15.jpg\" width=\"281\" height=\"300\" alt=\"\" title=\"Arredamenti-DallAglio-Falegnameria-Bolzano-15\" aria-label=\"Arredamenti-DallAglio-Falegnameria-Bolzano-15\" class=\"img-responsive wp-image-267\"  \/><\/a><\/div><\/div><div style=\"padding:5px;\" class=\"fusion-grid-column fusion-gallery-column fusion-gallery-column-5 hover-type-zoomin\"><div class=\"fusion-gallery-image\"><a href=\"https:\/\/www.dallaglio-arredamenti.it\/wp-content\/uploads\/2012\/02\/Arredamenti-DallAglio-Falegnameria-Bolzano-14.jpg\" rel=\"noreferrer\" data-rel=\"iLightbox[gallery_image_1]\" class=\"fusion-lightbox\" target=\"_self\"><img decoding=\"async\" src=\"https:\/\/www.dallaglio-arredamenti.it\/wp-content\/uploads\/2012\/02\/Arredamenti-DallAglio-Falegnameria-Bolzano-14.jpg\" width=\"567\" height=\"425\" alt=\"\" title=\"Arredamenti-DallAglio-Falegnameria-Bolzano-14\" aria-label=\"Arredamenti-DallAglio-Falegnameria-Bolzano-14\" class=\"img-responsive wp-image-266\" srcset=\"https:\/\/www.dallaglio-arredamenti.it\/wp-content\/uploads\/2012\/02\/Arredamenti-DallAglio-Falegnameria-Bolzano-14-400x300.jpg 400w, https:\/\/www.dallaglio-arredamenti.it\/wp-content\/uploads\/2012\/02\/Arredamenti-DallAglio-Falegnameria-Bolzano-14.jpg 567w\" sizes=\"(min-width: 2200px) 100vw, (min-width: 928px) 256px, (min-width: 856px) 320px, (min-width: 784px) 427px, (min-width: 712px) 640px, (min-width: 640px) 712px, \" \/><\/a><\/div><\/div><div style=\"padding:5px;\" class=\"fusion-grid-column fusion-gallery-column fusion-gallery-column-5 hover-type-zoomin\"><div class=\"fusion-gallery-image\"><a href=\"https:\/\/www.dallaglio-arredamenti.it\/wp-content\/uploads\/2012\/02\/Arredamenti-DallAglio-Falegnameria-Bolzano-13.jpg\" rel=\"noreferrer\" data-rel=\"iLightbox[gallery_image_1]\" class=\"fusion-lightbox\" target=\"_self\"><img decoding=\"async\" src=\"https:\/\/www.dallaglio-arredamenti.it\/wp-content\/uploads\/2012\/02\/Arredamenti-DallAglio-Falegnameria-Bolzano-13.jpg\" width=\"567\" height=\"398\" alt=\"\" title=\"Arredamenti-DallAglio-Falegnameria-Bolzano-13\" aria-label=\"Arredamenti-DallAglio-Falegnameria-Bolzano-13\" class=\"img-responsive wp-image-265\"  \/><\/a><\/div><\/div><div style=\"padding:5px;\" class=\"fusion-grid-column fusion-gallery-column fusion-gallery-column-5 hover-type-zoomin\"><div class=\"fusion-gallery-image\"><a href=\"https:\/\/www.dallaglio-arredamenti.it\/wp-content\/uploads\/2012\/02\/Arredamenti-DallAglio-Falegnameria-Bolzano-12.jpg\" rel=\"noreferrer\" data-rel=\"iLightbox[gallery_image_1]\" class=\"fusion-lightbox\" target=\"_self\"><img decoding=\"async\" src=\"https:\/\/www.dallaglio-arredamenti.it\/wp-content\/uploads\/2012\/02\/Arredamenti-DallAglio-Falegnameria-Bolzano-12.jpg\" width=\"567\" height=\"425\" alt=\"\" title=\"Arredamenti-DallAglio-Falegnameria-Bolzano-12\" aria-label=\"Arredamenti-DallAglio-Falegnameria-Bolzano-12\" class=\"img-responsive wp-image-264\" srcset=\"https:\/\/www.dallaglio-arredamenti.it\/wp-content\/uploads\/2012\/02\/Arredamenti-DallAglio-Falegnameria-Bolzano-12-400x300.jpg 400w, https:\/\/www.dallaglio-arredamenti.it\/wp-content\/uploads\/2012\/02\/Arredamenti-DallAglio-Falegnameria-Bolzano-12.jpg 567w\" sizes=\"(min-width: 2200px) 100vw, (min-width: 928px) 256px, (min-width: 856px) 320px, (min-width: 784px) 427px, (min-width: 712px) 640px, (min-width: 640px) 712px, \" \/><\/a><\/div><\/div><div class=\"clearfix\"><\/div><div style=\"padding:5px;\" class=\"fusion-grid-column fusion-gallery-column fusion-gallery-column-5 hover-type-zoomin\"><div class=\"fusion-gallery-image\"><a href=\"https:\/\/www.dallaglio-arredamenti.it\/wp-content\/uploads\/2012\/02\/Arredamenti-DallAglio-Falegnameria-Bolzano-11.jpg\" rel=\"noreferrer\" data-rel=\"iLightbox[gallery_image_1]\" class=\"fusion-lightbox\" target=\"_self\"><img decoding=\"async\" src=\"https:\/\/www.dallaglio-arredamenti.it\/wp-content\/uploads\/2012\/02\/Arredamenti-DallAglio-Falegnameria-Bolzano-11.jpg\" width=\"567\" height=\"425\" alt=\"\" title=\"Arredamenti-DallAglio-Falegnameria-Bolzano-11\" aria-label=\"Arredamenti-DallAglio-Falegnameria-Bolzano-11\" class=\"img-responsive wp-image-263\" srcset=\"https:\/\/www.dallaglio-arredamenti.it\/wp-content\/uploads\/2012\/02\/Arredamenti-DallAglio-Falegnameria-Bolzano-11-400x300.jpg 400w, https:\/\/www.dallaglio-arredamenti.it\/wp-content\/uploads\/2012\/02\/Arredamenti-DallAglio-Falegnameria-Bolzano-11.jpg 567w\" sizes=\"(min-width: 2200px) 100vw, (min-width: 928px) 256px, (min-width: 856px) 320px, (min-width: 784px) 427px, (min-width: 712px) 640px, (min-width: 640px) 712px, \" \/><\/a><\/div><\/div><div style=\"padding:5px;\" class=\"fusion-grid-column fusion-gallery-column fusion-gallery-column-5 hover-type-zoomin\"><div class=\"fusion-gallery-image\"><a href=\"https:\/\/www.dallaglio-arredamenti.it\/wp-content\/uploads\/2012\/02\/Arredamenti-DallAglio-Falegnameria-Bolzano-10.jpg\" rel=\"noreferrer\" data-rel=\"iLightbox[gallery_image_1]\" class=\"fusion-lightbox\" target=\"_self\"><img decoding=\"async\" src=\"https:\/\/www.dallaglio-arredamenti.it\/wp-content\/uploads\/2012\/02\/Arredamenti-DallAglio-Falegnameria-Bolzano-10.jpg\" width=\"567\" height=\"425\" alt=\"\" title=\"Arredamenti-DallAglio-Falegnameria-Bolzano-10\" aria-label=\"Arredamenti-DallAglio-Falegnameria-Bolzano-10\" class=\"img-responsive wp-image-262\" srcset=\"https:\/\/www.dallaglio-arredamenti.it\/wp-content\/uploads\/2012\/02\/Arredamenti-DallAglio-Falegnameria-Bolzano-10-400x300.jpg 400w, https:\/\/www.dallaglio-arredamenti.it\/wp-content\/uploads\/2012\/02\/Arredamenti-DallAglio-Falegnameria-Bolzano-10.jpg 567w\" sizes=\"(min-width: 2200px) 100vw, (min-width: 928px) 256px, (min-width: 856px) 320px, (min-width: 784px) 427px, (min-width: 712px) 640px, (min-width: 640px) 712px, \" \/><\/a><\/div><\/div><div style=\"padding:5px;\" class=\"fusion-grid-column fusion-gallery-column fusion-gallery-column-5 hover-type-zoomin\"><div class=\"fusion-gallery-image\"><a href=\"https:\/\/www.dallaglio-arredamenti.it\/wp-content\/uploads\/2012\/02\/Arredamenti-DallAglio-Falegnameria-Bolzano-9.jpg\" rel=\"noreferrer\" data-rel=\"iLightbox[gallery_image_1]\" class=\"fusion-lightbox\" target=\"_self\"><img decoding=\"async\" src=\"https:\/\/www.dallaglio-arredamenti.it\/wp-content\/uploads\/2012\/02\/Arredamenti-DallAglio-Falegnameria-Bolzano-9.jpg\" width=\"224\" height=\"300\" alt=\"\" title=\"Arredamenti-DallAglio-Falegnameria-Bolzano-9\" aria-label=\"Arredamenti-DallAglio-Falegnameria-Bolzano-9\" class=\"img-responsive wp-image-261\"  \/><\/a><\/div><\/div><div style=\"padding:5px;\" class=\"fusion-grid-column fusion-gallery-column fusion-gallery-column-5 hover-type-zoomin\"><div class=\"fusion-gallery-image\"><a href=\"https:\/\/www.dallaglio-arredamenti.it\/wp-content\/uploads\/2012\/02\/Arredamenti-DallAglio-Falegnameria-Bolzano-8.jpg\" rel=\"noreferrer\" data-rel=\"iLightbox[gallery_image_1]\" class=\"fusion-lightbox\" target=\"_self\"><img decoding=\"async\" src=\"https:\/\/www.dallaglio-arredamenti.it\/wp-content\/uploads\/2012\/02\/Arredamenti-DallAglio-Falegnameria-Bolzano-8.jpg\" width=\"224\" height=\"300\" alt=\"\" title=\"Arredamenti-DallAglio-Falegnameria-Bolzano-8\" aria-label=\"Arredamenti-DallAglio-Falegnameria-Bolzano-8\" class=\"img-responsive wp-image-260\"  \/><\/a><\/div><\/div><div style=\"padding:5px;\" class=\"fusion-grid-column fusion-gallery-column fusion-gallery-column-5 hover-type-zoomin\"><div class=\"fusion-gallery-image\"><a href=\"https:\/\/www.dallaglio-arredamenti.it\/wp-content\/uploads\/2012\/02\/Arredamenti-DallAglio-Falegnameria-Bolzano-7.jpg\" rel=\"noreferrer\" data-rel=\"iLightbox[gallery_image_1]\" class=\"fusion-lightbox\" target=\"_self\"><img decoding=\"async\" src=\"https:\/\/www.dallaglio-arredamenti.it\/wp-content\/uploads\/2012\/02\/Arredamenti-DallAglio-Falegnameria-Bolzano-7.jpg\" width=\"224\" height=\"300\" alt=\"\" title=\"Arredamenti-DallAglio-Falegnameria-Bolzano-7\" aria-label=\"Arredamenti-DallAglio-Falegnameria-Bolzano-7\" class=\"img-responsive wp-image-259\"  \/><\/a><\/div><\/div><div class=\"clearfix\"><\/div><div style=\"padding:5px;\" class=\"fusion-grid-column fusion-gallery-column fusion-gallery-column-5 hover-type-zoomin\"><div class=\"fusion-gallery-image\"><a href=\"https:\/\/www.dallaglio-arredamenti.it\/wp-content\/uploads\/2012\/02\/Arredamenti-DallAglio-Falegnameria-Bolzano-6.jpg\" rel=\"noreferrer\" data-rel=\"iLightbox[gallery_image_1]\" class=\"fusion-lightbox\" target=\"_self\"><img decoding=\"async\" src=\"https:\/\/www.dallaglio-arredamenti.it\/wp-content\/uploads\/2012\/02\/Arredamenti-DallAglio-Falegnameria-Bolzano-6.jpg\" width=\"567\" height=\"425\" alt=\"\" title=\"Arredamenti-DallAglio-Falegnameria-Bolzano-6\" aria-label=\"Arredamenti-DallAglio-Falegnameria-Bolzano-6\" class=\"img-responsive wp-image-258\" srcset=\"https:\/\/www.dallaglio-arredamenti.it\/wp-content\/uploads\/2012\/02\/Arredamenti-DallAglio-Falegnameria-Bolzano-6-400x300.jpg 400w, https:\/\/www.dallaglio-arredamenti.it\/wp-content\/uploads\/2012\/02\/Arredamenti-DallAglio-Falegnameria-Bolzano-6.jpg 567w\" sizes=\"(min-width: 2200px) 100vw, (min-width: 928px) 256px, (min-width: 856px) 320px, (min-width: 784px) 427px, (min-width: 712px) 640px, (min-width: 640px) 712px, \" \/><\/a><\/div><\/div><div style=\"padding:5px;\" class=\"fusion-grid-column fusion-gallery-column fusion-gallery-column-5 hover-type-zoomin\"><div class=\"fusion-gallery-image\"><a href=\"https:\/\/www.dallaglio-arredamenti.it\/wp-content\/uploads\/2012\/02\/Arredamenti-DallAglio-Falegnameria-Bolzano-5.jpg\" rel=\"noreferrer\" data-rel=\"iLightbox[gallery_image_1]\" class=\"fusion-lightbox\" target=\"_self\"><img decoding=\"async\" src=\"https:\/\/www.dallaglio-arredamenti.it\/wp-content\/uploads\/2012\/02\/Arredamenti-DallAglio-Falegnameria-Bolzano-5.jpg\" width=\"567\" height=\"425\" alt=\"\" title=\"Arredamenti-DallAglio-Falegnameria-Bolzano-5\" aria-label=\"Arredamenti-DallAglio-Falegnameria-Bolzano-5\" class=\"img-responsive wp-image-257\" srcset=\"https:\/\/www.dallaglio-arredamenti.it\/wp-content\/uploads\/2012\/02\/Arredamenti-DallAglio-Falegnameria-Bolzano-5-400x300.jpg 400w, https:\/\/www.dallaglio-arredamenti.it\/wp-content\/uploads\/2012\/02\/Arredamenti-DallAglio-Falegnameria-Bolzano-5.jpg 567w\" sizes=\"(min-width: 2200px) 100vw, (min-width: 928px) 256px, (min-width: 856px) 320px, (min-width: 784px) 427px, (min-width: 712px) 640px, (min-width: 640px) 712px, \" \/><\/a><\/div><\/div><div style=\"padding:5px;\" class=\"fusion-grid-column fusion-gallery-column fusion-gallery-column-5 hover-type-zoomin\"><div class=\"fusion-gallery-image\"><a href=\"https:\/\/www.dallaglio-arredamenti.it\/wp-content\/uploads\/2012\/02\/Arredamenti-DallAglio-Falegnameria-Bolzano-4.jpg\" rel=\"noreferrer\" data-rel=\"iLightbox[gallery_image_1]\" class=\"fusion-lightbox\" target=\"_self\"><img decoding=\"async\" src=\"https:\/\/www.dallaglio-arredamenti.it\/wp-content\/uploads\/2012\/02\/Arredamenti-DallAglio-Falegnameria-Bolzano-4.jpg\" width=\"567\" height=\"425\" alt=\"\" title=\"Arredamenti-DallAglio-Falegnameria-Bolzano-4\" aria-label=\"Arredamenti-DallAglio-Falegnameria-Bolzano-4\" class=\"img-responsive wp-image-256\" srcset=\"https:\/\/www.dallaglio-arredamenti.it\/wp-content\/uploads\/2012\/02\/Arredamenti-DallAglio-Falegnameria-Bolzano-4-400x300.jpg 400w, https:\/\/www.dallaglio-arredamenti.it\/wp-content\/uploads\/2012\/02\/Arredamenti-DallAglio-Falegnameria-Bolzano-4.jpg 567w\" sizes=\"(min-width: 2200px) 100vw, (min-width: 928px) 256px, (min-width: 856px) 320px, (min-width: 784px) 427px, (min-width: 712px) 640px, (min-width: 640px) 712px, \" \/><\/a><\/div><\/div><div style=\"padding:5px;\" class=\"fusion-grid-column fusion-gallery-column fusion-gallery-column-5 hover-type-zoomin\"><div class=\"fusion-gallery-image\"><a href=\"https:\/\/www.dallaglio-arredamenti.it\/wp-content\/uploads\/2012\/02\/Arredamenti-DallAglio-Falegnameria-Bolzano-3.jpg\" rel=\"noreferrer\" data-rel=\"iLightbox[gallery_image_1]\" class=\"fusion-lightbox\" target=\"_self\"><img decoding=\"async\" src=\"https:\/\/www.dallaglio-arredamenti.it\/wp-content\/uploads\/2012\/02\/Arredamenti-DallAglio-Falegnameria-Bolzano-3.jpg\" width=\"224\" height=\"300\" alt=\"\" title=\"Arredamenti-DallAglio-Falegnameria-Bolzano-3\" aria-label=\"Arredamenti-DallAglio-Falegnameria-Bolzano-3\" class=\"img-responsive wp-image-255\"  \/><\/a><\/div><\/div><div style=\"padding:5px;\" class=\"fusion-grid-column fusion-gallery-column fusion-gallery-column-5 hover-type-zoomin\"><div class=\"fusion-gallery-image\"><a href=\"https:\/\/www.dallaglio-arredamenti.it\/wp-content\/uploads\/2012\/02\/Arredamenti-DallAglio-Falegnameria-Bolzano-2.jpg\" rel=\"noreferrer\" data-rel=\"iLightbox[gallery_image_1]\" class=\"fusion-lightbox\" target=\"_self\"><img decoding=\"async\" src=\"https:\/\/www.dallaglio-arredamenti.it\/wp-content\/uploads\/2012\/02\/Arredamenti-DallAglio-Falegnameria-Bolzano-2.jpg\" width=\"224\" height=\"300\" alt=\"\" title=\"Arredamenti-DallAglio-Falegnameria-Bolzano-2\" aria-label=\"Arredamenti-DallAglio-Falegnameria-Bolzano-2\" class=\"img-responsive wp-image-254\"  \/><\/a><\/div><\/div><div class=\"clearfix\"><\/div><div style=\"padding:5px;\" class=\"fusion-grid-column fusion-gallery-column fusion-gallery-column-5 hover-type-zoomin\"><div class=\"fusion-gallery-image\"><a href=\"https:\/\/www.dallaglio-arredamenti.it\/wp-content\/uploads\/2012\/02\/Arredamenti-DallAglio-Falegnameria-Bolzano-1.jpg\" rel=\"noreferrer\" data-rel=\"iLightbox[gallery_image_1]\" class=\"fusion-lightbox\" target=\"_self\"><img decoding=\"async\" src=\"https:\/\/www.dallaglio-arredamenti.it\/wp-content\/uploads\/2012\/02\/Arredamenti-DallAglio-Falegnameria-Bolzano-1.jpg\" width=\"224\" height=\"300\" alt=\"\" title=\"Arredamenti-DallAglio-Falegnameria-Bolzano-1\" aria-label=\"Arredamenti-DallAglio-Falegnameria-Bolzano-1\" class=\"img-responsive wp-image-253\"  \/><\/a><\/div><\/div><div style=\"padding:5px;\" class=\"fusion-grid-column fusion-gallery-column fusion-gallery-column-5 hover-type-zoomin\"><div class=\"fusion-gallery-image\"><a href=\"https:\/\/www.dallaglio-arredamenti.it\/wp-content\/uploads\/falegnameria-arredamento-dallaglio-bolzano-1.jpg\" rel=\"noreferrer\" data-rel=\"iLightbox[gallery_image_1]\" class=\"fusion-lightbox\" target=\"_self\"><img decoding=\"async\" src=\"https:\/\/www.dallaglio-arredamenti.it\/wp-content\/uploads\/falegnameria-arredamento-dallaglio-bolzano-1.jpg\" width=\"1366\" height=\"1366\" alt=\"\" title=\"falegnameria-arredamento-dallaglio-bolzano-1\" aria-label=\"falegnameria-arredamento-dallaglio-bolzano-1\" class=\"img-responsive wp-image-1313\" srcset=\"https:\/\/www.dallaglio-arredamenti.it\/wp-content\/uploads\/falegnameria-arredamento-dallaglio-bolzano-1-200x200.jpg 200w, https:\/\/www.dallaglio-arredamenti.it\/wp-content\/uploads\/falegnameria-arredamento-dallaglio-bolzano-1-400x400.jpg 400w, https:\/\/www.dallaglio-arredamenti.it\/wp-content\/uploads\/falegnameria-arredamento-dallaglio-bolzano-1-600x600.jpg 600w, https:\/\/www.dallaglio-arredamenti.it\/wp-content\/uploads\/falegnameria-arredamento-dallaglio-bolzano-1-800x800.jpg 800w, https:\/\/www.dallaglio-arredamenti.it\/wp-content\/uploads\/falegnameria-arredamento-dallaglio-bolzano-1-1200x1200.jpg 1200w, https:\/\/www.dallaglio-arredamenti.it\/wp-content\/uploads\/falegnameria-arredamento-dallaglio-bolzano-1.jpg 1366w\" sizes=\"(min-width: 2200px) 100vw, (min-width: 928px) 256px, (min-width: 856px) 320px, (min-width: 784px) 427px, (min-width: 712px) 640px, (min-width: 640px) 712px, \" \/><\/a><\/div><\/div><div style=\"padding:5px;\" class=\"fusion-grid-column fusion-gallery-column fusion-gallery-column-5 hover-type-zoomin\"><div class=\"fusion-gallery-image\"><a href=\"https:\/\/www.dallaglio-arredamenti.it\/wp-content\/uploads\/falegnameria-arredamento-dallaglio-bolzano-2.jpg\" rel=\"noreferrer\" data-rel=\"iLightbox[gallery_image_1]\" class=\"fusion-lightbox\" target=\"_self\"><img decoding=\"async\" src=\"https:\/\/www.dallaglio-arredamenti.it\/wp-content\/uploads\/falegnameria-arredamento-dallaglio-bolzano-2.jpg\" width=\"1366\" height=\"907\" alt=\"\" title=\"falegnameria-arredamento-dallaglio-bolzano-2\" aria-label=\"falegnameria-arredamento-dallaglio-bolzano-2\" class=\"img-responsive wp-image-1315\" srcset=\"https:\/\/www.dallaglio-arredamenti.it\/wp-content\/uploads\/falegnameria-arredamento-dallaglio-bolzano-2-200x133.jpg 200w, https:\/\/www.dallaglio-arredamenti.it\/wp-content\/uploads\/falegnameria-arredamento-dallaglio-bolzano-2-400x266.jpg 400w, https:\/\/www.dallaglio-arredamenti.it\/wp-content\/uploads\/falegnameria-arredamento-dallaglio-bolzano-2-600x398.jpg 600w, https:\/\/www.dallaglio-arredamenti.it\/wp-content\/uploads\/falegnameria-arredamento-dallaglio-bolzano-2-800x531.jpg 800w, https:\/\/www.dallaglio-arredamenti.it\/wp-content\/uploads\/falegnameria-arredamento-dallaglio-bolzano-2-1200x797.jpg 1200w, https:\/\/www.dallaglio-arredamenti.it\/wp-content\/uploads\/falegnameria-arredamento-dallaglio-bolzano-2.jpg 1366w\" sizes=\"(min-width: 2200px) 100vw, (min-width: 928px) 256px, (min-width: 856px) 320px, (min-width: 784px) 427px, (min-width: 712px) 640px, (min-width: 640px) 712px, \" \/><\/a><\/div><\/div><div style=\"padding:5px;\" class=\"fusion-grid-column fusion-gallery-column fusion-gallery-column-5 hover-type-zoomin\"><div class=\"fusion-gallery-image\"><a href=\"https:\/\/www.dallaglio-arredamenti.it\/wp-content\/uploads\/falegnameria-arredamento-dallaglio-bolzano-3.jpg\" rel=\"noreferrer\" data-rel=\"iLightbox[gallery_image_1]\" class=\"fusion-lightbox\" target=\"_self\"><img decoding=\"async\" src=\"https:\/\/www.dallaglio-arredamenti.it\/wp-content\/uploads\/falegnameria-arredamento-dallaglio-bolzano-3.jpg\" width=\"1366\" height=\"1025\" alt=\"\" title=\"falegnameria-arredamento-dallaglio-bolzano-3\" aria-label=\"falegnameria-arredamento-dallaglio-bolzano-3\" class=\"img-responsive wp-image-1317\" srcset=\"https:\/\/www.dallaglio-arredamenti.it\/wp-content\/uploads\/falegnameria-arredamento-dallaglio-bolzano-3-200x150.jpg 200w, https:\/\/www.dallaglio-arredamenti.it\/wp-content\/uploads\/falegnameria-arredamento-dallaglio-bolzano-3-400x300.jpg 400w, https:\/\/www.dallaglio-arredamenti.it\/wp-content\/uploads\/falegnameria-arredamento-dallaglio-bolzano-3-600x450.jpg 600w, https:\/\/www.dallaglio-arredamenti.it\/wp-content\/uploads\/falegnameria-arredamento-dallaglio-bolzano-3-800x600.jpg 800w, https:\/\/www.dallaglio-arredamenti.it\/wp-content\/uploads\/falegnameria-arredamento-dallaglio-bolzano-3-1200x900.jpg 1200w, https:\/\/www.dallaglio-arredamenti.it\/wp-content\/uploads\/falegnameria-arredamento-dallaglio-bolzano-3.jpg 1366w\" sizes=\"(min-width: 2200px) 100vw, (min-width: 928px) 256px, (min-width: 856px) 320px, (min-width: 784px) 427px, (min-width: 712px) 640px, (min-width: 640px) 712px, \" \/><\/a><\/div><\/div><div style=\"padding:5px;\" class=\"fusion-grid-column fusion-gallery-column fusion-gallery-column-5 hover-type-zoomin\"><div class=\"fusion-gallery-image\"><a href=\"https:\/\/www.dallaglio-arredamenti.it\/wp-content\/uploads\/falegnameria-arredamento-dallaglio-bolzano-4.jpg\" rel=\"noreferrer\" data-rel=\"iLightbox[gallery_image_1]\" class=\"fusion-lightbox\" target=\"_self\"><img decoding=\"async\" src=\"https:\/\/www.dallaglio-arredamenti.it\/wp-content\/uploads\/falegnameria-arredamento-dallaglio-bolzano-4.jpg\" width=\"1366\" height=\"1025\" alt=\"\" title=\"falegnameria-arredamento-dallaglio-bolzano-4\" aria-label=\"falegnameria-arredamento-dallaglio-bolzano-4\" class=\"img-responsive wp-image-1319\" srcset=\"https:\/\/www.dallaglio-arredamenti.it\/wp-content\/uploads\/falegnameria-arredamento-dallaglio-bolzano-4-200x150.jpg 200w, https:\/\/www.dallaglio-arredamenti.it\/wp-content\/uploads\/falegnameria-arredamento-dallaglio-bolzano-4-400x300.jpg 400w, https:\/\/www.dallaglio-arredamenti.it\/wp-content\/uploads\/falegnameria-arredamento-dallaglio-bolzano-4-600x450.jpg 600w, https:\/\/www.dallaglio-arredamenti.it\/wp-content\/uploads\/falegnameria-arredamento-dallaglio-bolzano-4-800x600.jpg 800w, https:\/\/www.dallaglio-arredamenti.it\/wp-content\/uploads\/falegnameria-arredamento-dallaglio-bolzano-4-1200x900.jpg 1200w, https:\/\/www.dallaglio-arredamenti.it\/wp-content\/uploads\/falegnameria-arredamento-dallaglio-bolzano-4.jpg 1366w\" sizes=\"(min-width: 2200px) 100vw, (min-width: 928px) 256px, (min-width: 856px) 320px, (min-width: 784px) 427px, (min-width: 712px) 640px, (min-width: 640px) 712px, \" \/><\/a><\/div><\/div><div class=\"clearfix\"><\/div><div style=\"padding:5px;\" class=\"fusion-grid-column fusion-gallery-column fusion-gallery-column-5 hover-type-zoomin\"><div class=\"fusion-gallery-image\"><a href=\"https:\/\/www.dallaglio-arredamenti.it\/wp-content\/uploads\/2012\/02\/Arredamenti-DallAglio-Panche-Tavoli-Sedie-Bolzano-7.jpg\" rel=\"noreferrer\" data-rel=\"iLightbox[gallery_image_1]\" class=\"fusion-lightbox\" target=\"_self\"><img decoding=\"async\" src=\"https:\/\/www.dallaglio-arredamenti.it\/wp-content\/uploads\/2012\/02\/Arredamenti-DallAglio-Panche-Tavoli-Sedie-Bolzano-7.jpg\" width=\"567\" height=\"412\" alt=\"\" title=\"Arredamenti-DallAglio-Panche-Tavoli-Sedie-Bolzano-7\" aria-label=\"Arredamenti-DallAglio-Panche-Tavoli-Sedie-Bolzano-7\" class=\"img-responsive wp-image-276\"  \/><\/a><\/div><\/div><div style=\"padding:5px;\" class=\"fusion-grid-column fusion-gallery-column fusion-gallery-column-5 hover-type-zoomin\"><div class=\"fusion-gallery-image\"><a href=\"https:\/\/www.dallaglio-arredamenti.it\/wp-content\/uploads\/2012\/02\/Arredamenti-DallAglio-Panche-Tavoli-Sedie-Bolzano-6.jpg\" rel=\"noreferrer\" data-rel=\"iLightbox[gallery_image_1]\" class=\"fusion-lightbox\" target=\"_self\"><img decoding=\"async\" src=\"https:\/\/www.dallaglio-arredamenti.it\/wp-content\/uploads\/2012\/02\/Arredamenti-DallAglio-Panche-Tavoli-Sedie-Bolzano-6.jpg\" width=\"567\" height=\"437\" alt=\"\" title=\"Arredamenti-DallAglio-Panche-Tavoli-Sedie-Bolzano-6\" aria-label=\"Arredamenti-DallAglio-Panche-Tavoli-Sedie-Bolzano-6\" class=\"img-responsive wp-image-275\"  \/><\/a><\/div><\/div><div style=\"padding:5px;\" class=\"fusion-grid-column fusion-gallery-column fusion-gallery-column-5 hover-type-zoomin\"><div class=\"fusion-gallery-image\"><a href=\"https:\/\/www.dallaglio-arredamenti.it\/wp-content\/uploads\/2012\/02\/Arredamenti-DallAglio-Panche-Tavoli-Sedie-Bolzano-5.jpg\" rel=\"noreferrer\" data-rel=\"iLightbox[gallery_image_1]\" class=\"fusion-lightbox\" target=\"_self\"><img decoding=\"async\" src=\"https:\/\/www.dallaglio-arredamenti.it\/wp-content\/uploads\/2012\/02\/Arredamenti-DallAglio-Panche-Tavoli-Sedie-Bolzano-5.jpg\" width=\"567\" height=\"412\" alt=\"\" title=\"Arredamenti-DallAglio-Panche-Tavoli-Sedie-Bolzano-5\" aria-label=\"Arredamenti-DallAglio-Panche-Tavoli-Sedie-Bolzano-5\" class=\"img-responsive wp-image-274\"  \/><\/a><\/div><\/div><div style=\"padding:5px;\" class=\"fusion-grid-column fusion-gallery-column fusion-gallery-column-5 hover-type-zoomin\"><div class=\"fusion-gallery-image\"><a href=\"https:\/\/www.dallaglio-arredamenti.it\/wp-content\/uploads\/2012\/02\/Arredamenti-DallAglio-Panche-Tavoli-Sedie-Bolzano-4.jpg\" rel=\"noreferrer\" data-rel=\"iLightbox[gallery_image_1]\" class=\"fusion-lightbox\" target=\"_self\"><img decoding=\"async\" src=\"https:\/\/www.dallaglio-arredamenti.it\/wp-content\/uploads\/2012\/02\/Arredamenti-DallAglio-Panche-Tavoli-Sedie-Bolzano-4.jpg\" width=\"567\" height=\"415\" alt=\"\" title=\"Arredamenti-DallAglio-Panche-Tavoli-Sedie-Bolzano-4\" aria-label=\"Arredamenti-DallAglio-Panche-Tavoli-Sedie-Bolzano-4\" class=\"img-responsive wp-image-273\"  \/><\/a><\/div><\/div><div style=\"padding:5px;\" class=\"fusion-grid-column fusion-gallery-column fusion-gallery-column-5 hover-type-zoomin\"><div class=\"fusion-gallery-image\"><a href=\"https:\/\/www.dallaglio-arredamenti.it\/wp-content\/uploads\/2012\/02\/Arredamenti-DallAglio-Panche-Tavoli-Sedie-Bolzano-3.jpg\" rel=\"noreferrer\" data-rel=\"iLightbox[gallery_image_1]\" class=\"fusion-lightbox\" target=\"_self\"><img decoding=\"async\" src=\"https:\/\/www.dallaglio-arredamenti.it\/wp-content\/uploads\/2012\/02\/Arredamenti-DallAglio-Panche-Tavoli-Sedie-Bolzano-3.jpg\" width=\"547\" height=\"567\" alt=\"\" title=\"Arredamenti-DallAglio-Panche-Tavoli-Sedie-Bolzano-3\" aria-label=\"Arredamenti-DallAglio-Panche-Tavoli-Sedie-Bolzano-3\" class=\"img-responsive wp-image-272\"  \/><\/a><\/div><\/div><div class=\"clearfix\"><\/div><div style=\"padding:5px;\" class=\"fusion-grid-column fusion-gallery-column fusion-gallery-column-5 hover-type-zoomin\"><div class=\"fusion-gallery-image\"><a href=\"https:\/\/www.dallaglio-arredamenti.it\/wp-content\/uploads\/2012\/02\/Arredamenti-DallAglio-Panche-Tavoli-Sedie-Bolzano-2.jpg\" rel=\"noreferrer\" data-rel=\"iLightbox[gallery_image_1]\" class=\"fusion-lightbox\" target=\"_self\"><img decoding=\"async\" src=\"https:\/\/www.dallaglio-arredamenti.it\/wp-content\/uploads\/2012\/02\/Arredamenti-DallAglio-Panche-Tavoli-Sedie-Bolzano-2.jpg\" width=\"567\" height=\"382\" alt=\"\" title=\"Arredamenti-DallAglio-Panche-Tavoli-Sedie-Bolzano-2\" aria-label=\"Arredamenti-DallAglio-Panche-Tavoli-Sedie-Bolzano-2\" class=\"img-responsive wp-image-271\"  \/><\/a><\/div><\/div><div style=\"padding:5px;\" class=\"fusion-grid-column fusion-gallery-column fusion-gallery-column-5 hover-type-zoomin\"><div class=\"fusion-gallery-image\"><a href=\"https:\/\/www.dallaglio-arredamenti.it\/wp-content\/uploads\/2012\/02\/Arredamenti-DallAglio-Panche-Tavoli-Sedie-Bolzano-1.jpg\" rel=\"noreferrer\" data-rel=\"iLightbox[gallery_image_1]\" class=\"fusion-lightbox\" target=\"_self\"><img decoding=\"async\" src=\"https:\/\/www.dallaglio-arredamenti.it\/wp-content\/uploads\/2012\/02\/Arredamenti-DallAglio-Panche-Tavoli-Sedie-Bolzano-1.jpg\" width=\"567\" height=\"314\" alt=\"\" title=\"Arredamenti-DallAglio-Panche-Tavoli-Sedie-Bolzano-1\" aria-label=\"Arredamenti-DallAglio-Panche-Tavoli-Sedie-Bolzano-1\" class=\"img-responsive wp-image-270\"  \/><\/a><\/div><\/div><\/div><div class=\"fusion-clearfix\"><\/div><\/div><\/div><\/div><style type=\"text\/css\">.fusion-fullwidth.fusion-builder-row-2 { overflow:visible; }<\/style><\/div><\/p>\n","protected":false},"excerpt":{"rendered":"","protected":false},"author":3,"featured_media":901,"comment_status":"closed","ping_status":"closed","sticky":false,"template":"","format":"standard","meta":{"footnotes":""},"categories":[15],"tags":[],"_links":{"self":[{"href":"https:\/\/www.dallaglio-arredamenti.it\/de\/wp-json\/wp\/v2\/posts\/1508"}],"collection":[{"href":"https:\/\/www.dallaglio-arredamenti.it\/de\/wp-json\/wp\/v2\/posts"}],"about":[{"href":"https:\/\/www.dallaglio-arredamenti.it\/de\/wp-json\/wp\/v2\/types\/post"}],"author":[{"embeddable":true,"href":"https:\/\/www.dallaglio-arredamenti.it\/de\/wp-json\/wp\/v2\/users\/3"}],"replies":[{"embeddable":true,"href":"https:\/\/www.dallaglio-arredamenti.it\/de\/wp-json\/wp\/v2\/comments?post=1508"}],"version-history":[{"count":4,"href":"https:\/\/www.dallaglio-arredamenti.it\/de\/wp-json\/wp\/v2\/posts\/1508\/revisions"}],"predecessor-version":[{"id":1557,"href":"https:\/\/www.dallaglio-arredamenti.it\/de\/wp-json\/wp\/v2\/posts\/1508\/revisions\/1557"}],"wp:featuredmedia":[{"embeddable":true,"href":"https:\/\/www.dallaglio-arredamenti.it\/de\/wp-json\/wp\/v2\/media\/901"}],"wp:attachment":[{"href":"https:\/\/www.dallaglio-arredamenti.it\/de\/wp-json\/wp\/v2\/media?parent=1508"}],"wp:term":[{"taxonomy":"category","embeddable":true,"href":"https:\/\/www.dallaglio-arredamenti.it\/de\/wp-json\/wp\/v2\/categories?post=1508"},{"taxonomy":"post_tag","embeddable":true,"href":"https:\/\/www.dallaglio-arredamenti.it\/de\/wp-json\/wp\/v2\/tags?post=1508"}],"curies":[{"name":"wp","href":"https:\/\/api.w.org\/{rel}","templated":true}]}}